{"id":964,"date":"2019-10-02T12:17:30","date_gmt":"2019-10-02T10:17:30","guid":{"rendered":"https:\/\/www.protechsecurite.fr\/\/?p=964"},"modified":"2020-08-14T15:04:21","modified_gmt":"2020-08-14T13:04:21","slug":"7-amazing-days-paris-air-show-2019","status":"publish","type":"post","link":"https:\/\/www.protechsecurite.fr\/en\/news\/7-amazing-days-paris-air-show-2019","title":{"rendered":"7 AMAZING DAYS @ PARIS AIR SHOW 2019"},"content":{"rendered":"","protected":false},"excerpt":{"rendered":"","protected":false},"author":1,"featured_media":965,"comment_status":"closed","ping_status":"closed","sticky":false,"template":"","format":"standard","meta":{"_acf_changed":false,"_uag_custom_page_level_css":"","footnotes":""},"categories":[33],"tags":[],"class_list":["post-964","post","type-post","status-publish","format-standard","has-post-thumbnail","hentry","category-news"],"acf":[],"yoast_head":"<!-- This site is optimized with the Yoast SEO Premium plugin v23.0 (Yoast SEO v26.9) - https:\/\/yoast.com\/product\/yoast-seo-premium-wordpress\/ -->\n<title>7 AMAZING DAYS @ PARIS AIR SHOW 2019 - Protech Securit\u00e9<\/title>\n<meta name=\"description\" content=\"We are proud to have participated at the PAS2019 and to have been able to shox our bulletproof security solutions for securing strategic airports\" \/>\n<meta name=\"robots\" content=\"index, follow, max-snippet:-1, max-image-preview:large, max-video-preview:-1\" \/>\n<link rel=\"canonical\" href=\"https:\/\/www.protechsecurite.fr\/en\/news\/7-amazing-days-paris-air-show-2019\" \/>\n<meta property=\"og:locale\" content=\"en_US\" \/>\n<meta property=\"og:type\" content=\"article\" \/>\n<meta property=\"og:title\" content=\"7 AMAZING DAYS @ PARIS AIR SHOW 2019\" \/>\n<meta property=\"og:description\" content=\"We are proud to have participated at the PAS2019 and to have been able to shox our bulletproof security solutions for securing strategic airports\" \/>\n<meta property=\"og:url\" content=\"https:\/\/www.protechsecurite.fr\/en\/news\/7-amazing-days-paris-air-show-2019\" \/>\n<meta property=\"og:site_name\" content=\"Protech Securit\u00e9\" \/>\n<meta property=\"article:published_time\" content=\"2019-10-02T10:17:30+00:00\" \/>\n<meta property=\"article:modified_time\" content=\"2020-08-14T13:04:21+00:00\" \/>\n<meta property=\"og:image\" content=\"https:\/\/www.protechsecurite.fr\/wp-content\/uploads\/2019\/10\/Protech-Securit-INT-logo-RVB.png\" \/>\n\t<meta property=\"og:image:width\" content=\"1315\" \/>\n\t<meta property=\"og:image:height\" content=\"794\" \/>\n\t<meta property=\"og:image:type\" content=\"image\/png\" \/>\n<meta name=\"author\" content=\"protech\" \/>\n<meta name=\"twitter:card\" content=\"summary_large_image\" \/>\n<meta name=\"twitter:label1\" content=\"Written by\" \/>\n\t<meta name=\"twitter:data1\" content=\"protech\" \/>\n<script type=\"application\/ld+json\" class=\"yoast-schema-graph\">{\"@context\":\"https:\/\/schema.org\",\"@graph\":[{\"@type\":\"Article\",\"@id\":\"https:\/\/www.protechsecurite.fr\/en\/news\/7-amazing-days-paris-air-show-2019#article\",\"isPartOf\":{\"@id\":\"https:\/\/www.protechsecurite.fr\/en\/news\/7-amazing-days-paris-air-show-2019\"},\"author\":{\"name\":\"protech\",\"@id\":\"https:\/\/www.protechsecurite.fr\/en#\/schema\/person\/5220a0f0e07a64f42ec5666b8eea71f2\"},\"headline\":\"7 AMAZING DAYS @ PARIS AIR SHOW 2019\",\"datePublished\":\"2019-10-02T10:17:30+00:00\",\"dateModified\":\"2020-08-14T13:04:21+00:00\",\"mainEntityOfPage\":{\"@id\":\"https:\/\/www.protechsecurite.fr\/en\/news\/7-amazing-days-paris-air-show-2019\"},\"wordCount\":5,\"image\":{\"@id\":\"https:\/\/www.protechsecurite.fr\/en\/news\/7-amazing-days-paris-air-show-2019#primaryimage\"},\"thumbnailUrl\":\"https:\/\/www.protechsecurite.fr\/wp-content\/uploads\/2019\/10\/Protech-Securit-INT-logo-RVB.png\",\"articleSection\":[\"News\"],\"inLanguage\":\"en-US\"},{\"@type\":\"WebPage\",\"@id\":\"https:\/\/www.protechsecurite.fr\/en\/news\/7-amazing-days-paris-air-show-2019\",\"url\":\"https:\/\/www.protechsecurite.fr\/en\/news\/7-amazing-days-paris-air-show-2019\",\"name\":\"7 AMAZING DAYS @ PARIS AIR SHOW 2019 - Protech Securit\u00e9\",\"isPartOf\":{\"@id\":\"https:\/\/www.protechsecurite.fr\/en#website\"},\"primaryImageOfPage\":{\"@id\":\"https:\/\/www.protechsecurite.fr\/en\/news\/7-amazing-days-paris-air-show-2019#primaryimage\"},\"image\":{\"@id\":\"https:\/\/www.protechsecurite.fr\/en\/news\/7-amazing-days-paris-air-show-2019#primaryimage\"},\"thumbnailUrl\":\"https:\/\/www.protechsecurite.fr\/wp-content\/uploads\/2019\/10\/Protech-Securit-INT-logo-RVB.png\",\"datePublished\":\"2019-10-02T10:17:30+00:00\",\"dateModified\":\"2020-08-14T13:04:21+00:00\",\"author\":{\"@id\":\"https:\/\/www.protechsecurite.fr\/en#\/schema\/person\/5220a0f0e07a64f42ec5666b8eea71f2\"},\"description\":\"We are proud to have participated at the PAS2019 and to have been able to shox our bulletproof security solutions for securing strategic airports\",\"inLanguage\":\"en-US\",\"potentialAction\":[{\"@type\":\"ReadAction\",\"target\":[\"https:\/\/www.protechsecurite.fr\/en\/news\/7-amazing-days-paris-air-show-2019\"]}]},{\"@type\":\"ImageObject\",\"inLanguage\":\"en-US\",\"@id\":\"https:\/\/www.protechsecurite.fr\/en\/news\/7-amazing-days-paris-air-show-2019#primaryimage\",\"url\":\"https:\/\/www.protechsecurite.fr\/wp-content\/uploads\/2019\/10\/Protech-Securit-INT-logo-RVB.png\",\"contentUrl\":\"https:\/\/www.protechsecurite.fr\/wp-content\/uploads\/2019\/10\/Protech-Securit-INT-logo-RVB.png\",\"width\":1315,\"height\":794,\"caption\":\"Logo ProTech Securit\"},{\"@type\":\"WebSite\",\"@id\":\"https:\/\/www.protechsecurite.fr\/en#website\",\"url\":\"https:\/\/www.protechsecurite.fr\/en\",\"name\":\"Protech Securit\u00e9\",\"description\":\"Vous \u00eates en lieux s\u00fbrs\",\"potentialAction\":[{\"@type\":\"SearchAction\",\"target\":{\"@type\":\"EntryPoint\",\"urlTemplate\":\"https:\/\/www.protechsecurite.fr\/en?s={search_term_string}\"},\"query-input\":{\"@type\":\"PropertyValueSpecification\",\"valueRequired\":true,\"valueName\":\"search_term_string\"}}],\"inLanguage\":\"en-US\"},{\"@type\":\"Person\",\"@id\":\"https:\/\/www.protechsecurite.fr\/en#\/schema\/person\/5220a0f0e07a64f42ec5666b8eea71f2\",\"name\":\"protech\",\"image\":{\"@type\":\"ImageObject\",\"inLanguage\":\"en-US\",\"@id\":\"https:\/\/www.protechsecurite.fr\/en#\/schema\/person\/image\/\",\"url\":\"https:\/\/secure.gravatar.com\/avatar\/ca4ddf8ed4afc21d943e86b89a62f73814e78d2da3ff0b3a8de6648ccef09664?s=96&d=mm&r=g\",\"contentUrl\":\"https:\/\/secure.gravatar.com\/avatar\/ca4ddf8ed4afc21d943e86b89a62f73814e78d2da3ff0b3a8de6648ccef09664?s=96&d=mm&r=g\",\"caption\":\"protech\"}}]}<\/script>\n<!-- \/ Yoast SEO Premium plugin. -->","yoast_head_json":{"title":"7 AMAZING DAYS @ PARIS AIR SHOW 2019 - Protech Securit\u00e9","description":"We are proud to have participated at the PAS2019 and to have been able to shox our bulletproof security solutions for securing strategic airports","robots":{"index":"index","follow":"follow","max-snippet":"max-snippet:-1","max-image-preview":"max-image-preview:large","max-video-preview":"max-video-preview:-1"},"canonical":"https:\/\/www.protechsecurite.fr\/en\/news\/7-amazing-days-paris-air-show-2019","og_locale":"en_US","og_type":"article","og_title":"7 AMAZING DAYS @ PARIS AIR SHOW 2019","og_description":"We are proud to have participated at the PAS2019 and to have been able to shox our bulletproof security solutions for securing strategic airports","og_url":"https:\/\/www.protechsecurite.fr\/en\/news\/7-amazing-days-paris-air-show-2019","og_site_name":"Protech Securit\u00e9","article_published_time":"2019-10-02T10:17:30+00:00","article_modified_time":"2020-08-14T13:04:21+00:00","og_image":[{"width":1315,"height":794,"url":"https:\/\/www.protechsecurite.fr\/wp-content\/uploads\/2019\/10\/Protech-Securit-INT-logo-RVB.png","type":"image\/png"}],"author":"protech","twitter_card":"summary_large_image","twitter_misc":{"Written by":"protech"},"schema":{"@context":"https:\/\/schema.org","@graph":[{"@type":"Article","@id":"https:\/\/www.protechsecurite.fr\/en\/news\/7-amazing-days-paris-air-show-2019#article","isPartOf":{"@id":"https:\/\/www.protechsecurite.fr\/en\/news\/7-amazing-days-paris-air-show-2019"},"author":{"name":"protech","@id":"https:\/\/www.protechsecurite.fr\/en#\/schema\/person\/5220a0f0e07a64f42ec5666b8eea71f2"},"headline":"7 AMAZING DAYS @ PARIS AIR SHOW 2019","datePublished":"2019-10-02T10:17:30+00:00","dateModified":"2020-08-14T13:04:21+00:00","mainEntityOfPage":{"@id":"https:\/\/www.protechsecurite.fr\/en\/news\/7-amazing-days-paris-air-show-2019"},"wordCount":5,"image":{"@id":"https:\/\/www.protechsecurite.fr\/en\/news\/7-amazing-days-paris-air-show-2019#primaryimage"},"thumbnailUrl":"https:\/\/www.protechsecurite.fr\/wp-content\/uploads\/2019\/10\/Protech-Securit-INT-logo-RVB.png","articleSection":["News"],"inLanguage":"en-US"},{"@type":"WebPage","@id":"https:\/\/www.protechsecurite.fr\/en\/news\/7-amazing-days-paris-air-show-2019","url":"https:\/\/www.protechsecurite.fr\/en\/news\/7-amazing-days-paris-air-show-2019","name":"7 AMAZING DAYS @ PARIS AIR SHOW 2019 - Protech Securit\u00e9","isPartOf":{"@id":"https:\/\/www.protechsecurite.fr\/en#website"},"primaryImageOfPage":{"@id":"https:\/\/www.protechsecurite.fr\/en\/news\/7-amazing-days-paris-air-show-2019#primaryimage"},"image":{"@id":"https:\/\/www.protechsecurite.fr\/en\/news\/7-amazing-days-paris-air-show-2019#primaryimage"},"thumbnailUrl":"https:\/\/www.protechsecurite.fr\/wp-content\/uploads\/2019\/10\/Protech-Securit-INT-logo-RVB.png","datePublished":"2019-10-02T10:17:30+00:00","dateModified":"2020-08-14T13:04:21+00:00","author":{"@id":"https:\/\/www.protechsecurite.fr\/en#\/schema\/person\/5220a0f0e07a64f42ec5666b8eea71f2"},"description":"We are proud to have participated at the PAS2019 and to have been able to shox our bulletproof security solutions for securing strategic airports","inLanguage":"en-US","potentialAction":[{"@type":"ReadAction","target":["https:\/\/www.protechsecurite.fr\/en\/news\/7-amazing-days-paris-air-show-2019"]}]},{"@type":"ImageObject","inLanguage":"en-US","@id":"https:\/\/www.protechsecurite.fr\/en\/news\/7-amazing-days-paris-air-show-2019#primaryimage","url":"https:\/\/www.protechsecurite.fr\/wp-content\/uploads\/2019\/10\/Protech-Securit-INT-logo-RVB.png","contentUrl":"https:\/\/www.protechsecurite.fr\/wp-content\/uploads\/2019\/10\/Protech-Securit-INT-logo-RVB.png","width":1315,"height":794,"caption":"Logo ProTech Securit"},{"@type":"WebSite","@id":"https:\/\/www.protechsecurite.fr\/en#website","url":"https:\/\/www.protechsecurite.fr\/en","name":"Protech Securit\u00e9","description":"Vous \u00eates en lieux s\u00fbrs","potentialAction":[{"@type":"SearchAction","target":{"@type":"EntryPoint","urlTemplate":"https:\/\/www.protechsecurite.fr\/en?s={search_term_string}"},"query-input":{"@type":"PropertyValueSpecification","valueRequired":true,"valueName":"search_term_string"}}],"inLanguage":"en-US"},{"@type":"Person","@id":"https:\/\/www.protechsecurite.fr\/en#\/schema\/person\/5220a0f0e07a64f42ec5666b8eea71f2","name":"protech","image":{"@type":"ImageObject","inLanguage":"en-US","@id":"https:\/\/www.protechsecurite.fr\/en#\/schema\/person\/image\/","url":"https:\/\/secure.gravatar.com\/avatar\/ca4ddf8ed4afc21d943e86b89a62f73814e78d2da3ff0b3a8de6648ccef09664?s=96&d=mm&r=g","contentUrl":"https:\/\/secure.gravatar.com\/avatar\/ca4ddf8ed4afc21d943e86b89a62f73814e78d2da3ff0b3a8de6648ccef09664?s=96&d=mm&r=g","caption":"protech"}}]}},"uagb_featured_image_src":{"full":["https:\/\/www.protechsecurite.fr\/wp-content\/uploads\/2019\/10\/Protech-Securit-INT-logo-RVB.png",1315,794,false],"thumbnail":["https:\/\/www.protechsecurite.fr\/wp-content\/uploads\/2019\/10\/Protech-Securit-INT-logo-RVB-150x150.png",150,150,true],"medium":["https:\/\/www.protechsecurite.fr\/wp-content\/uploads\/2019\/10\/Protech-Securit-INT-logo-RVB-300x181.png",300,181,true],"medium_large":["https:\/\/www.protechsecurite.fr\/wp-content\/uploads\/2019\/10\/Protech-Securit-INT-logo-RVB-768x464.png",640,387,true],"large":["https:\/\/www.protechsecurite.fr\/wp-content\/uploads\/2019\/10\/Protech-Securit-INT-logo-RVB-1024x618.png",640,386,true],"1536x1536":["https:\/\/www.protechsecurite.fr\/wp-content\/uploads\/2019\/10\/Protech-Securit-INT-logo-RVB.png",1315,794,false],"2048x2048":["https:\/\/www.protechsecurite.fr\/wp-content\/uploads\/2019\/10\/Protech-Securit-INT-logo-RVB.png",1315,794,false],"thumb-products-list":["https:\/\/www.protechsecurite.fr\/wp-content\/uploads\/2019\/10\/Protech-Securit-INT-logo-RVB-410x300.png",410,300,true],"thumb-product-fiche":["https:\/\/www.protechsecurite.fr\/wp-content\/uploads\/2019\/10\/Protech-Securit-INT-logo-RVB-953x555.png",953,555,true],"thumb-best-seller":["https:\/\/www.protechsecurite.fr\/wp-content\/uploads\/2019\/10\/Protech-Securit-INT-logo-RVB-580x530.png",580,530,true],"thumb-banner":["https:\/\/www.protechsecurite.fr\/wp-content\/uploads\/2019\/10\/Protech-Securit-INT-logo-RVB-2000x402.png",2000,402,true],"thumb-news":["https:\/\/www.protechsecurite.fr\/wp-content\/uploads\/2019\/10\/Protech-Securit-INT-logo-RVB-950x480.png",950,480,true],"thumb-news-list-wide":["https:\/\/www.protechsecurite.fr\/wp-content\/uploads\/2019\/10\/Protech-Securit-INT-logo-RVB-556x260.png",556,260,true],"thumb-news-list-small":["https:\/\/www.protechsecurite.fr\/wp-content\/uploads\/2019\/10\/Protech-Securit-INT-logo-RVB-268x260.png",268,260,true]},"uagb_author_info":{"display_name":"protech","author_link":"https:\/\/www.protechsecurite.fr\/en\/author\/protech"},"uagb_comment_info":8,"uagb_excerpt":null,"_links":{"self":[{"href":"https:\/\/www.protechsecurite.fr\/en\/wp-json\/wp\/v2\/posts\/964","targetHints":{"allow":["GET"]}}],"collection":[{"href":"https:\/\/www.protechsecurite.fr\/en\/wp-json\/wp\/v2\/posts"}],"about":[{"href":"https:\/\/www.protechsecurite.fr\/en\/wp-json\/wp\/v2\/types\/post"}],"author":[{"embeddable":true,"href":"https:\/\/www.protechsecurite.fr\/en\/wp-json\/wp\/v2\/users\/1"}],"replies":[{"embeddable":true,"href":"https:\/\/www.protechsecurite.fr\/en\/wp-json\/wp\/v2\/comments?post=964"}],"version-history":[{"count":10,"href":"https:\/\/www.protechsecurite.fr\/en\/wp-json\/wp\/v2\/posts\/964\/revisions"}],"predecessor-version":[{"id":990,"href":"https:\/\/www.protechsecurite.fr\/en\/wp-json\/wp\/v2\/posts\/964\/revisions\/990"}],"wp:featuredmedia":[{"embeddable":true,"href":"https:\/\/www.protechsecurite.fr\/en\/wp-json\/wp\/v2\/media\/965"}],"wp:attachment":[{"href":"https:\/\/www.protechsecurite.fr\/en\/wp-json\/wp\/v2\/media?parent=964"}],"wp:term":[{"taxonomy":"category","embeddable":true,"href":"https:\/\/www.protechsecurite.fr\/en\/wp-json\/wp\/v2\/categories?post=964"},{"taxonomy":"post_tag","embeddable":true,"href":"https:\/\/www.protechsecurite.fr\/en\/wp-json\/wp\/v2\/tags?post=964"}],"curies":[{"name":"wp","href":"https:\/\/api.w.org\/{rel}","templated":true}]}}